{"id":5927,"date":"2019-04-10T15:45:36","date_gmt":"2019-04-10T15:45:36","guid":{"rendered":"http:\/\/www.grapat.eu\/?p=5927\/"},"modified":"2022-07-18T12:35:22","modified_gmt":"2022-07-18T12:35:22","slug":"conferencia-andre-stern-18-maig","status":"publish","type":"post","link":"https:\/\/www.grapat.eu\/es\/conferencia-andre-stern-18-maig\/","title":{"rendered":"Conferencia Andr\u00e9 Stern 18 Mayo 11:30h Barcelona"},"content":{"rendered":"<div>\n<h3 dir=\"ltr\"><span lang=\"es\">SALEN A LA VENTA LAS ENTRADAS PARA LA CONFERENCIA JUGAR DE ANDR\u00c9 STERN<\/span><\/h3>\n<p>Ya est\u00e1n abiertas las inscripciones para la conferencia de Andr\u00e9 Stern, organizada por Grapat, Jugar y Jugar y editorial Litera, que tendr\u00e1 lugar en Barcelona el 18 de mayo de 2019 en los Cines Girona.<\/p>\n<p>Andr\u00e9 Stern ser\u00e1 presentado por Casiana Monczar, Claudia Diaz y Carmen Granados de Grapat y Jugar y Jugar, co-organizadoras del acto. Stern, nos hablar\u00e1 de su experiencia vital, como persona que no fue escolarizada por decisi\u00f3n de su padre Arno Stern, impulsor de la educaci\u00f3n creadora.<\/p>\n<p>La organizaci\u00f3n recomienda inscribirse pronto, pues el n\u00famero de participantes ser\u00e1 limitado al aforo de la sala, y espera poder contar con su presencia.<\/p>\n<p>Venta de entradas en:<br \/>\n<img decoding=\"async\" class=\"alignnone size-medium wp-image-5950\" src=\"http:\/\/www.grapat.eu\/wp-content\/uploads\/2019\/04\/logo-jugarijugar-10-300x49.png\" alt=\"\" width=\"300\" height=\"49\" \/><\/p>\n<div><span style=\"font-family: Times;\"><a href=\"https:\/\/www.jugarijugar.com\/es\/lineas-pedagogicas\/3573-entrada-andre-stern-18-de-mayo.html\" target=\"_blank\" rel=\"noopener\" data-saferedirecturl=\"https:\/\/www.google.com\/url?q=https:\/\/www.jugarijugar.com\/es\/lineas-pedagogicas\/3573-entrada-andre-stern-18-de-mayo.html&amp;source=gmail&amp;ust=1555057414838000&amp;usg=AFQjCNGjH8vZTpe5Eo28WoQen-wFPZjUtg\">https:\/\/www.jugarijugar.com\/<wbr \/>es\/lineas-pedagogicas\/3573-<wbr \/>entrada-andre-stern-18-de-<wbr \/>mayo.html<\/a><\/span><\/div>\n<div><\/div>\n<\/div>\n<p>&nbsp;<\/p>\n<p><img fetchpriority=\"high\" decoding=\"async\" class=\"wp-image-5928 aligncenter\" src=\"http:\/\/www.grapat.eu\/wp-content\/uploads\/2019\/04\/Cartel_evento-Andre-Stern_2019_baixa.jpg\" alt=\"\" width=\"562\" height=\"803\" \/><\/p>\n<p>&nbsp;<\/p>\n<p>&nbsp;<\/p>\n","protected":false},"excerpt":{"rendered":"<p>SALEN A LA VENTA LAS ENTRADAS PARA LA CONFERENCIA JUGAR DE ANDR\u00c9 STERN Ya est\u00e1n&#8230;<\/p>\n","protected":false},"author":2,"featured_media":7952,"comment_status":"closed","ping_status":"closed","sticky":false,"template":"","format":"standard","meta":{"footnotes":""},"categories":[47],"tags":[],"class_list":["post-5927","post","type-post","status-publish","format-standard","has-post-thumbnail","hentry","category-noticias"],"acf":[],"yoast_head":"<!-- This site is optimized with the Yoast SEO plugin v27.5 - https:\/\/yoast.com\/product\/yoast-seo-wordpress\/ -->\n<title>Conferencia Andr\u00e9 Stern 18 Mayo 11:30h Barcelona - Grapat<\/title>\n<meta name=\"robots\" content=\"index, follow, max-snippet:-1, max-image-preview:large, max-video-preview:-1\" \/>\n<link rel=\"canonical\" href=\"https:\/\/www.grapat.eu\/es\/conferencia-andre-stern-18-maig\/\" \/>\n<meta property=\"og:locale\" content=\"es_ES\" \/>\n<meta property=\"og:type\" content=\"article\" \/>\n<meta property=\"og:title\" content=\"Conferencia Andr\u00e9 Stern 18 Mayo 11:30h Barcelona - Grapat\" \/>\n<meta property=\"og:description\" content=\"SALEN A LA VENTA LAS ENTRADAS PARA LA CONFERENCIA JUGAR DE ANDR\u00c9 STERN Ya est\u00e1n...\" \/>\n<meta property=\"og:url\" content=\"https:\/\/www.grapat.eu\/es\/conferencia-andre-stern-18-maig\/\" \/>\n<meta property=\"og:site_name\" content=\"Grapat\" \/>\n<meta property=\"article:published_time\" content=\"2019-04-10T15:45:36+00:00\" \/>\n<meta property=\"article:modified_time\" content=\"2022-07-18T12:35:22+00:00\" \/>\n<meta property=\"og:image\" content=\"https:\/\/www.grapat.eu\/app\/uploads\/2019\/04\/Cartel_evento-Andre-Stern_2019_baixa-717x1024-1.jpg\" \/>\n\t<meta property=\"og:image:width\" content=\"717\" \/>\n\t<meta property=\"og:image:height\" content=\"1024\" \/>\n\t<meta property=\"og:image:type\" content=\"image\/jpeg\" \/>\n<meta name=\"author\" content=\"grapat\" \/>\n<meta name=\"twitter:card\" content=\"summary_large_image\" \/>\n<meta name=\"twitter:label1\" content=\"Escrito por\" \/>\n\t<meta name=\"twitter:data1\" content=\"grapat\" \/>\n\t<meta name=\"twitter:label2\" content=\"Tiempo de lectura\" \/>\n\t<meta name=\"twitter:data2\" content=\"1 minuto\" \/>\n<script type=\"application\/ld+json\" class=\"yoast-schema-graph\">{\"@context\":\"https:\\\/\\\/schema.org\",\"@graph\":[{\"@type\":\"Article\",\"@id\":\"https:\\\/\\\/www.grapat.eu\\\/es\\\/conferencia-andre-stern-18-maig\\\/#article\",\"isPartOf\":{\"@id\":\"https:\\\/\\\/www.grapat.eu\\\/es\\\/conferencia-andre-stern-18-maig\\\/\"},\"author\":{\"name\":\"grapat\",\"@id\":\"https:\\\/\\\/www.grapat.eu\\\/es\\\/#\\\/schema\\\/person\\\/dcae518344c3918b4e5827db32dcf14d\"},\"headline\":\"Conferencia Andr\u00e9 Stern 18 Mayo 11:30h Barcelona\",\"datePublished\":\"2019-04-10T15:45:36+00:00\",\"dateModified\":\"2022-07-18T12:35:22+00:00\",\"mainEntityOfPage\":{\"@id\":\"https:\\\/\\\/www.grapat.eu\\\/es\\\/conferencia-andre-stern-18-maig\\\/\"},\"wordCount\":143,\"image\":{\"@id\":\"https:\\\/\\\/www.grapat.eu\\\/es\\\/conferencia-andre-stern-18-maig\\\/#primaryimage\"},\"thumbnailUrl\":\"https:\\\/\\\/www.grapat.eu\\\/app\\\/uploads\\\/2019\\\/04\\\/Cartel_evento-Andre-Stern_2019_baixa-717x1024-1.jpg\",\"articleSection\":[\"Noticias\"],\"inLanguage\":\"es\"},{\"@type\":\"WebPage\",\"@id\":\"https:\\\/\\\/www.grapat.eu\\\/es\\\/conferencia-andre-stern-18-maig\\\/\",\"url\":\"https:\\\/\\\/www.grapat.eu\\\/es\\\/conferencia-andre-stern-18-maig\\\/\",\"name\":\"Conferencia Andr\u00e9 Stern 18 Mayo 11:30h Barcelona - Grapat\",\"isPartOf\":{\"@id\":\"https:\\\/\\\/www.grapat.eu\\\/es\\\/#website\"},\"primaryImageOfPage\":{\"@id\":\"https:\\\/\\\/www.grapat.eu\\\/es\\\/conferencia-andre-stern-18-maig\\\/#primaryimage\"},\"image\":{\"@id\":\"https:\\\/\\\/www.grapat.eu\\\/es\\\/conferencia-andre-stern-18-maig\\\/#primaryimage\"},\"thumbnailUrl\":\"https:\\\/\\\/www.grapat.eu\\\/app\\\/uploads\\\/2019\\\/04\\\/Cartel_evento-Andre-Stern_2019_baixa-717x1024-1.jpg\",\"datePublished\":\"2019-04-10T15:45:36+00:00\",\"dateModified\":\"2022-07-18T12:35:22+00:00\",\"author\":{\"@id\":\"https:\\\/\\\/www.grapat.eu\\\/es\\\/#\\\/schema\\\/person\\\/dcae518344c3918b4e5827db32dcf14d\"},\"inLanguage\":\"es\",\"potentialAction\":[{\"@type\":\"ReadAction\",\"target\":[\"https:\\\/\\\/www.grapat.eu\\\/es\\\/conferencia-andre-stern-18-maig\\\/\"]}]},{\"@type\":\"ImageObject\",\"inLanguage\":\"es\",\"@id\":\"https:\\\/\\\/www.grapat.eu\\\/es\\\/conferencia-andre-stern-18-maig\\\/#primaryimage\",\"url\":\"https:\\\/\\\/www.grapat.eu\\\/app\\\/uploads\\\/2019\\\/04\\\/Cartel_evento-Andre-Stern_2019_baixa-717x1024-1.jpg\",\"contentUrl\":\"https:\\\/\\\/www.grapat.eu\\\/app\\\/uploads\\\/2019\\\/04\\\/Cartel_evento-Andre-Stern_2019_baixa-717x1024-1.jpg\",\"width\":717,\"height\":1024},{\"@type\":\"WebSite\",\"@id\":\"https:\\\/\\\/www.grapat.eu\\\/es\\\/#website\",\"url\":\"https:\\\/\\\/www.grapat.eu\\\/es\\\/\",\"name\":\"Grapat\",\"description\":\"Joguines\",\"potentialAction\":[{\"@type\":\"SearchAction\",\"target\":{\"@type\":\"EntryPoint\",\"urlTemplate\":\"https:\\\/\\\/www.grapat.eu\\\/es\\\/?s={search_term_string}\"},\"query-input\":{\"@type\":\"PropertyValueSpecification\",\"valueRequired\":true,\"valueName\":\"search_term_string\"}}],\"inLanguage\":\"es\"},{\"@type\":\"Person\",\"@id\":\"https:\\\/\\\/www.grapat.eu\\\/es\\\/#\\\/schema\\\/person\\\/dcae518344c3918b4e5827db32dcf14d\",\"name\":\"grapat\",\"image\":{\"@type\":\"ImageObject\",\"inLanguage\":\"es\",\"@id\":\"https:\\\/\\\/secure.gravatar.com\\\/avatar\\\/f7c86303ba353611a248e00577551b9841f5fd8b474018ad644134357870c614?s=96&d=mm&r=g\",\"url\":\"https:\\\/\\\/secure.gravatar.com\\\/avatar\\\/f7c86303ba353611a248e00577551b9841f5fd8b474018ad644134357870c614?s=96&d=mm&r=g\",\"contentUrl\":\"https:\\\/\\\/secure.gravatar.com\\\/avatar\\\/f7c86303ba353611a248e00577551b9841f5fd8b474018ad644134357870c614?s=96&d=mm&r=g\",\"caption\":\"grapat\"}}]}<\/script>\n<!-- \/ Yoast SEO plugin. -->","yoast_head_json":{"title":"Conferencia Andr\u00e9 Stern 18 Mayo 11:30h Barcelona - Grapat","robots":{"index":"index","follow":"follow","max-snippet":"max-snippet:-1","max-image-preview":"max-image-preview:large","max-video-preview":"max-video-preview:-1"},"canonical":"https:\/\/www.grapat.eu\/es\/conferencia-andre-stern-18-maig\/","og_locale":"es_ES","og_type":"article","og_title":"Conferencia Andr\u00e9 Stern 18 Mayo 11:30h Barcelona - Grapat","og_description":"SALEN A LA VENTA LAS ENTRADAS PARA LA CONFERENCIA JUGAR DE ANDR\u00c9 STERN Ya est\u00e1n...","og_url":"https:\/\/www.grapat.eu\/es\/conferencia-andre-stern-18-maig\/","og_site_name":"Grapat","article_published_time":"2019-04-10T15:45:36+00:00","article_modified_time":"2022-07-18T12:35:22+00:00","og_image":[{"width":717,"height":1024,"url":"https:\/\/www.grapat.eu\/app\/uploads\/2019\/04\/Cartel_evento-Andre-Stern_2019_baixa-717x1024-1.jpg","type":"image\/jpeg"}],"author":"grapat","twitter_card":"summary_large_image","twitter_misc":{"Escrito por":"grapat","Tiempo de lectura":"1 minuto"},"schema":{"@context":"https:\/\/schema.org","@graph":[{"@type":"Article","@id":"https:\/\/www.grapat.eu\/es\/conferencia-andre-stern-18-maig\/#article","isPartOf":{"@id":"https:\/\/www.grapat.eu\/es\/conferencia-andre-stern-18-maig\/"},"author":{"name":"grapat","@id":"https:\/\/www.grapat.eu\/es\/#\/schema\/person\/dcae518344c3918b4e5827db32dcf14d"},"headline":"Conferencia Andr\u00e9 Stern 18 Mayo 11:30h Barcelona","datePublished":"2019-04-10T15:45:36+00:00","dateModified":"2022-07-18T12:35:22+00:00","mainEntityOfPage":{"@id":"https:\/\/www.grapat.eu\/es\/conferencia-andre-stern-18-maig\/"},"wordCount":143,"image":{"@id":"https:\/\/www.grapat.eu\/es\/conferencia-andre-stern-18-maig\/#primaryimage"},"thumbnailUrl":"https:\/\/www.grapat.eu\/app\/uploads\/2019\/04\/Cartel_evento-Andre-Stern_2019_baixa-717x1024-1.jpg","articleSection":["Noticias"],"inLanguage":"es"},{"@type":"WebPage","@id":"https:\/\/www.grapat.eu\/es\/conferencia-andre-stern-18-maig\/","url":"https:\/\/www.grapat.eu\/es\/conferencia-andre-stern-18-maig\/","name":"Conferencia Andr\u00e9 Stern 18 Mayo 11:30h Barcelona - Grapat","isPartOf":{"@id":"https:\/\/www.grapat.eu\/es\/#website"},"primaryImageOfPage":{"@id":"https:\/\/www.grapat.eu\/es\/conferencia-andre-stern-18-maig\/#primaryimage"},"image":{"@id":"https:\/\/www.grapat.eu\/es\/conferencia-andre-stern-18-maig\/#primaryimage"},"thumbnailUrl":"https:\/\/www.grapat.eu\/app\/uploads\/2019\/04\/Cartel_evento-Andre-Stern_2019_baixa-717x1024-1.jpg","datePublished":"2019-04-10T15:45:36+00:00","dateModified":"2022-07-18T12:35:22+00:00","author":{"@id":"https:\/\/www.grapat.eu\/es\/#\/schema\/person\/dcae518344c3918b4e5827db32dcf14d"},"inLanguage":"es","potentialAction":[{"@type":"ReadAction","target":["https:\/\/www.grapat.eu\/es\/conferencia-andre-stern-18-maig\/"]}]},{"@type":"ImageObject","inLanguage":"es","@id":"https:\/\/www.grapat.eu\/es\/conferencia-andre-stern-18-maig\/#primaryimage","url":"https:\/\/www.grapat.eu\/app\/uploads\/2019\/04\/Cartel_evento-Andre-Stern_2019_baixa-717x1024-1.jpg","contentUrl":"https:\/\/www.grapat.eu\/app\/uploads\/2019\/04\/Cartel_evento-Andre-Stern_2019_baixa-717x1024-1.jpg","width":717,"height":1024},{"@type":"WebSite","@id":"https:\/\/www.grapat.eu\/es\/#website","url":"https:\/\/www.grapat.eu\/es\/","name":"Grapat","description":"Joguines","potentialAction":[{"@type":"SearchAction","target":{"@type":"EntryPoint","urlTemplate":"https:\/\/www.grapat.eu\/es\/?s={search_term_string}"},"query-input":{"@type":"PropertyValueSpecification","valueRequired":true,"valueName":"search_term_string"}}],"inLanguage":"es"},{"@type":"Person","@id":"https:\/\/www.grapat.eu\/es\/#\/schema\/person\/dcae518344c3918b4e5827db32dcf14d","name":"grapat","image":{"@type":"ImageObject","inLanguage":"es","@id":"https:\/\/secure.gravatar.com\/avatar\/f7c86303ba353611a248e00577551b9841f5fd8b474018ad644134357870c614?s=96&d=mm&r=g","url":"https:\/\/secure.gravatar.com\/avatar\/f7c86303ba353611a248e00577551b9841f5fd8b474018ad644134357870c614?s=96&d=mm&r=g","contentUrl":"https:\/\/secure.gravatar.com\/avatar\/f7c86303ba353611a248e00577551b9841f5fd8b474018ad644134357870c614?s=96&d=mm&r=g","caption":"grapat"}}]}},"_links":{"self":[{"href":"https:\/\/www.grapat.eu\/es\/wp-json\/wp\/v2\/posts\/5927","targetHints":{"allow":["GET"]}}],"collection":[{"href":"https:\/\/www.grapat.eu\/es\/wp-json\/wp\/v2\/posts"}],"about":[{"href":"https:\/\/www.grapat.eu\/es\/wp-json\/wp\/v2\/types\/post"}],"author":[{"embeddable":true,"href":"https:\/\/www.grapat.eu\/es\/wp-json\/wp\/v2\/users\/2"}],"replies":[{"embeddable":true,"href":"https:\/\/www.grapat.eu\/es\/wp-json\/wp\/v2\/comments?post=5927"}],"version-history":[{"count":2,"href":"https:\/\/www.grapat.eu\/es\/wp-json\/wp\/v2\/posts\/5927\/revisions"}],"predecessor-version":[{"id":8231,"href":"https:\/\/www.grapat.eu\/es\/wp-json\/wp\/v2\/posts\/5927\/revisions\/8231"}],"wp:featuredmedia":[{"embeddable":true,"href":"https:\/\/www.grapat.eu\/es\/wp-json\/wp\/v2\/media\/7952"}],"wp:attachment":[{"href":"https:\/\/www.grapat.eu\/es\/wp-json\/wp\/v2\/media?parent=5927"}],"wp:term":[{"taxonomy":"category","embeddable":true,"href":"https:\/\/www.grapat.eu\/es\/wp-json\/wp\/v2\/categories?post=5927"},{"taxonomy":"post_tag","embeddable":true,"href":"https:\/\/www.grapat.eu\/es\/wp-json\/wp\/v2\/tags?post=5927"}],"curies":[{"name":"wp","href":"https:\/\/api.w.org\/{rel}","templated":true}]}}