{"id":9068,"date":"2022-11-10T08:47:50","date_gmt":"2022-11-10T08:47:50","guid":{"rendered":"https:\/\/www.grapat.eu\/?p=9068"},"modified":"2022-11-10T14:24:00","modified_gmt":"2022-11-10T14:24:00","slug":"estem-en-el-museu-del-disseny","status":"publish","type":"post","link":"https:\/\/www.grapat.eu\/ca\/estem-en-el-museu-del-disseny\/","title":{"rendered":"ESTEM EN EL MUSEU DEL DISSENY!"},"content":{"rendered":"<p>Grapat ser\u00e0 present en <a href=\"https:\/\/ajuntament.barcelona.cat\/dissenyhub\/ca\/toquem-fusta-disseny-fusta-i-sostenibilitat\" target=\"_blank\" rel=\"noopener\">Toquem Fusta<\/a>, una exposici\u00f3 centrada en la fusta com a objecte de disseny i material clau al servei de l&#8217;evoluci\u00f3 humana.<\/p>\n<p>Estem s\u00faper emocionats que Casiana es destaqui com a dissenyadora, amb Carla i Together en exhibici\u00f3 com a part d&#8217;aquest di\u00e0leg, a favor de la sostenibilitat del planeta i la bioeconom\u00eda circular, totalment alineats amb els nostres valors!<\/p>\n<p>L&#8217;exposici\u00f3 estar\u00e0 oberta del 9 de novembre de 2022 al 2 de gener de 2023 en el Disseny Hub de Barcelona, per la qual cosa, si ets a prop, definitivament val la pena una visita.<\/p>\n<p>La cirera del past\u00eds? El Museu del Disseny ha decidit conservar les nostres creacions com a part de la seva col\u00b7lecci\u00f3 d&#8217;arxiu. Ens sentim m\u00e9s que honrats!<\/p>\n<p><img fetchpriority=\"high\" decoding=\"async\" class=\"alignnone wp-image-9094 size-full\" src=\"https:\/\/www.grapat.eu\/app\/uploads\/2022\/11\/expo.jpg\" alt=\"\" width=\"1200\" height=\"844\" srcset=\"https:\/\/www.grapat.eu\/app\/uploads\/2022\/11\/expo.jpg 1200w, https:\/\/www.grapat.eu\/app\/uploads\/2022\/11\/expo-300x211.jpg 300w, https:\/\/www.grapat.eu\/app\/uploads\/2022\/11\/expo-1024x720.jpg 1024w, https:\/\/www.grapat.eu\/app\/uploads\/2022\/11\/expo-768x540.jpg 768w\" sizes=\"(max-width: 1200px) 100vw, 1200px\" \/><\/p>\n","protected":false},"excerpt":{"rendered":"<p>Grapat ser\u00e0 present en Toquem Fusta, una exposici\u00f3 centrada en la fusta com a objecte&#8230;<\/p>\n","protected":false},"author":2,"featured_media":9060,"comment_status":"closed","ping_status":"closed","sticky":false,"template":"","format":"standard","meta":{"footnotes":""},"categories":[57,81],"tags":[],"class_list":["post-9068","post","type-post","status-publish","format-standard","has-post-thumbnail","hentry","category-noticies","category-news-ca"],"acf":[],"yoast_head":"<!-- This site is optimized with the Yoast SEO plugin v27.5 - https:\/\/yoast.com\/product\/yoast-seo-wordpress\/ -->\n<title>ESTEM EN EL MUSEU DEL DISSENY! - Grapat<\/title>\n<meta name=\"robots\" content=\"index, follow, max-snippet:-1, max-image-preview:large, max-video-preview:-1\" \/>\n<link rel=\"canonical\" href=\"https:\/\/www.grapat.eu\/ca\/estem-en-el-museu-del-disseny\/\" \/>\n<meta property=\"og:locale\" content=\"ca_ES\" \/>\n<meta property=\"og:type\" content=\"article\" \/>\n<meta property=\"og:title\" content=\"ESTEM EN EL MUSEU DEL DISSENY! - Grapat\" \/>\n<meta property=\"og:description\" content=\"Grapat ser\u00e0 present en Toquem Fusta, una exposici\u00f3 centrada en la fusta com a objecte...\" \/>\n<meta property=\"og:url\" content=\"https:\/\/www.grapat.eu\/ca\/estem-en-el-museu-del-disseny\/\" \/>\n<meta property=\"og:site_name\" content=\"Grapat\" \/>\n<meta property=\"article:published_time\" content=\"2022-11-10T08:47:50+00:00\" \/>\n<meta property=\"article:modified_time\" content=\"2022-11-10T14:24:00+00:00\" \/>\n<meta property=\"og:image\" content=\"https:\/\/www.grapat.eu\/app\/uploads\/2022\/11\/estem-museu-grapat.jpg\" \/>\n\t<meta property=\"og:image:width\" content=\"810\" \/>\n\t<meta property=\"og:image:height\" content=\"810\" \/>\n\t<meta property=\"og:image:type\" content=\"image\/jpeg\" \/>\n<meta name=\"author\" content=\"grapat\" \/>\n<meta name=\"twitter:card\" content=\"summary_large_image\" \/>\n<meta name=\"twitter:label1\" content=\"Escrit per\" \/>\n\t<meta name=\"twitter:data1\" content=\"grapat\" \/>\n\t<meta name=\"twitter:label2\" content=\"Temps estimat de lectura\" \/>\n\t<meta name=\"twitter:data2\" content=\"1 minut\" \/>\n<script type=\"application\/ld+json\" class=\"yoast-schema-graph\">{\"@context\":\"https:\\\/\\\/schema.org\",\"@graph\":[{\"@type\":\"Article\",\"@id\":\"https:\\\/\\\/www.grapat.eu\\\/ca\\\/estem-en-el-museu-del-disseny\\\/#article\",\"isPartOf\":{\"@id\":\"https:\\\/\\\/www.grapat.eu\\\/ca\\\/estem-en-el-museu-del-disseny\\\/\"},\"author\":{\"name\":\"grapat\",\"@id\":\"https:\\\/\\\/www.grapat.eu\\\/ca\\\/#\\\/schema\\\/person\\\/dcae518344c3918b4e5827db32dcf14d\"},\"headline\":\"ESTEM EN EL MUSEU DEL DISSENY!\",\"datePublished\":\"2022-11-10T08:47:50+00:00\",\"dateModified\":\"2022-11-10T14:24:00+00:00\",\"mainEntityOfPage\":{\"@id\":\"https:\\\/\\\/www.grapat.eu\\\/ca\\\/estem-en-el-museu-del-disseny\\\/\"},\"wordCount\":137,\"image\":{\"@id\":\"https:\\\/\\\/www.grapat.eu\\\/ca\\\/estem-en-el-museu-del-disseny\\\/#primaryimage\"},\"thumbnailUrl\":\"https:\\\/\\\/www.grapat.eu\\\/app\\\/uploads\\\/2022\\\/11\\\/estem-museu-grapat.jpg\",\"articleSection\":[\"Not\u00edcies\",\"News\"],\"inLanguage\":\"ca\"},{\"@type\":\"WebPage\",\"@id\":\"https:\\\/\\\/www.grapat.eu\\\/ca\\\/estem-en-el-museu-del-disseny\\\/\",\"url\":\"https:\\\/\\\/www.grapat.eu\\\/ca\\\/estem-en-el-museu-del-disseny\\\/\",\"name\":\"ESTEM EN EL MUSEU DEL DISSENY! - Grapat\",\"isPartOf\":{\"@id\":\"https:\\\/\\\/www.grapat.eu\\\/ca\\\/#website\"},\"primaryImageOfPage\":{\"@id\":\"https:\\\/\\\/www.grapat.eu\\\/ca\\\/estem-en-el-museu-del-disseny\\\/#primaryimage\"},\"image\":{\"@id\":\"https:\\\/\\\/www.grapat.eu\\\/ca\\\/estem-en-el-museu-del-disseny\\\/#primaryimage\"},\"thumbnailUrl\":\"https:\\\/\\\/www.grapat.eu\\\/app\\\/uploads\\\/2022\\\/11\\\/estem-museu-grapat.jpg\",\"datePublished\":\"2022-11-10T08:47:50+00:00\",\"dateModified\":\"2022-11-10T14:24:00+00:00\",\"author\":{\"@id\":\"https:\\\/\\\/www.grapat.eu\\\/ca\\\/#\\\/schema\\\/person\\\/dcae518344c3918b4e5827db32dcf14d\"},\"inLanguage\":\"ca\",\"potentialAction\":[{\"@type\":\"ReadAction\",\"target\":[\"https:\\\/\\\/www.grapat.eu\\\/ca\\\/estem-en-el-museu-del-disseny\\\/\"]}]},{\"@type\":\"ImageObject\",\"inLanguage\":\"ca\",\"@id\":\"https:\\\/\\\/www.grapat.eu\\\/ca\\\/estem-en-el-museu-del-disseny\\\/#primaryimage\",\"url\":\"https:\\\/\\\/www.grapat.eu\\\/app\\\/uploads\\\/2022\\\/11\\\/estem-museu-grapat.jpg\",\"contentUrl\":\"https:\\\/\\\/www.grapat.eu\\\/app\\\/uploads\\\/2022\\\/11\\\/estem-museu-grapat.jpg\",\"width\":810,\"height\":810},{\"@type\":\"WebSite\",\"@id\":\"https:\\\/\\\/www.grapat.eu\\\/ca\\\/#website\",\"url\":\"https:\\\/\\\/www.grapat.eu\\\/ca\\\/\",\"name\":\"Grapat\",\"description\":\"Joguines\",\"potentialAction\":[{\"@type\":\"SearchAction\",\"target\":{\"@type\":\"EntryPoint\",\"urlTemplate\":\"https:\\\/\\\/www.grapat.eu\\\/ca\\\/?s={search_term_string}\"},\"query-input\":{\"@type\":\"PropertyValueSpecification\",\"valueRequired\":true,\"valueName\":\"search_term_string\"}}],\"inLanguage\":\"ca\"},{\"@type\":\"Person\",\"@id\":\"https:\\\/\\\/www.grapat.eu\\\/ca\\\/#\\\/schema\\\/person\\\/dcae518344c3918b4e5827db32dcf14d\",\"name\":\"grapat\",\"image\":{\"@type\":\"ImageObject\",\"inLanguage\":\"ca\",\"@id\":\"https:\\\/\\\/secure.gravatar.com\\\/avatar\\\/f7c86303ba353611a248e00577551b9841f5fd8b474018ad644134357870c614?s=96&d=mm&r=g\",\"url\":\"https:\\\/\\\/secure.gravatar.com\\\/avatar\\\/f7c86303ba353611a248e00577551b9841f5fd8b474018ad644134357870c614?s=96&d=mm&r=g\",\"contentUrl\":\"https:\\\/\\\/secure.gravatar.com\\\/avatar\\\/f7c86303ba353611a248e00577551b9841f5fd8b474018ad644134357870c614?s=96&d=mm&r=g\",\"caption\":\"grapat\"}}]}<\/script>\n<!-- \/ Yoast SEO plugin. -->","yoast_head_json":{"title":"ESTEM EN EL MUSEU DEL DISSENY! - Grapat","robots":{"index":"index","follow":"follow","max-snippet":"max-snippet:-1","max-image-preview":"max-image-preview:large","max-video-preview":"max-video-preview:-1"},"canonical":"https:\/\/www.grapat.eu\/ca\/estem-en-el-museu-del-disseny\/","og_locale":"ca_ES","og_type":"article","og_title":"ESTEM EN EL MUSEU DEL DISSENY! - Grapat","og_description":"Grapat ser\u00e0 present en Toquem Fusta, una exposici\u00f3 centrada en la fusta com a objecte...","og_url":"https:\/\/www.grapat.eu\/ca\/estem-en-el-museu-del-disseny\/","og_site_name":"Grapat","article_published_time":"2022-11-10T08:47:50+00:00","article_modified_time":"2022-11-10T14:24:00+00:00","og_image":[{"width":810,"height":810,"url":"https:\/\/www.grapat.eu\/app\/uploads\/2022\/11\/estem-museu-grapat.jpg","type":"image\/jpeg"}],"author":"grapat","twitter_card":"summary_large_image","twitter_misc":{"Escrit per":"grapat","Temps estimat de lectura":"1 minut"},"schema":{"@context":"https:\/\/schema.org","@graph":[{"@type":"Article","@id":"https:\/\/www.grapat.eu\/ca\/estem-en-el-museu-del-disseny\/#article","isPartOf":{"@id":"https:\/\/www.grapat.eu\/ca\/estem-en-el-museu-del-disseny\/"},"author":{"name":"grapat","@id":"https:\/\/www.grapat.eu\/ca\/#\/schema\/person\/dcae518344c3918b4e5827db32dcf14d"},"headline":"ESTEM EN EL MUSEU DEL DISSENY!","datePublished":"2022-11-10T08:47:50+00:00","dateModified":"2022-11-10T14:24:00+00:00","mainEntityOfPage":{"@id":"https:\/\/www.grapat.eu\/ca\/estem-en-el-museu-del-disseny\/"},"wordCount":137,"image":{"@id":"https:\/\/www.grapat.eu\/ca\/estem-en-el-museu-del-disseny\/#primaryimage"},"thumbnailUrl":"https:\/\/www.grapat.eu\/app\/uploads\/2022\/11\/estem-museu-grapat.jpg","articleSection":["Not\u00edcies","News"],"inLanguage":"ca"},{"@type":"WebPage","@id":"https:\/\/www.grapat.eu\/ca\/estem-en-el-museu-del-disseny\/","url":"https:\/\/www.grapat.eu\/ca\/estem-en-el-museu-del-disseny\/","name":"ESTEM EN EL MUSEU DEL DISSENY! - Grapat","isPartOf":{"@id":"https:\/\/www.grapat.eu\/ca\/#website"},"primaryImageOfPage":{"@id":"https:\/\/www.grapat.eu\/ca\/estem-en-el-museu-del-disseny\/#primaryimage"},"image":{"@id":"https:\/\/www.grapat.eu\/ca\/estem-en-el-museu-del-disseny\/#primaryimage"},"thumbnailUrl":"https:\/\/www.grapat.eu\/app\/uploads\/2022\/11\/estem-museu-grapat.jpg","datePublished":"2022-11-10T08:47:50+00:00","dateModified":"2022-11-10T14:24:00+00:00","author":{"@id":"https:\/\/www.grapat.eu\/ca\/#\/schema\/person\/dcae518344c3918b4e5827db32dcf14d"},"inLanguage":"ca","potentialAction":[{"@type":"ReadAction","target":["https:\/\/www.grapat.eu\/ca\/estem-en-el-museu-del-disseny\/"]}]},{"@type":"ImageObject","inLanguage":"ca","@id":"https:\/\/www.grapat.eu\/ca\/estem-en-el-museu-del-disseny\/#primaryimage","url":"https:\/\/www.grapat.eu\/app\/uploads\/2022\/11\/estem-museu-grapat.jpg","contentUrl":"https:\/\/www.grapat.eu\/app\/uploads\/2022\/11\/estem-museu-grapat.jpg","width":810,"height":810},{"@type":"WebSite","@id":"https:\/\/www.grapat.eu\/ca\/#website","url":"https:\/\/www.grapat.eu\/ca\/","name":"Grapat","description":"Joguines","potentialAction":[{"@type":"SearchAction","target":{"@type":"EntryPoint","urlTemplate":"https:\/\/www.grapat.eu\/ca\/?s={search_term_string}"},"query-input":{"@type":"PropertyValueSpecification","valueRequired":true,"valueName":"search_term_string"}}],"inLanguage":"ca"},{"@type":"Person","@id":"https:\/\/www.grapat.eu\/ca\/#\/schema\/person\/dcae518344c3918b4e5827db32dcf14d","name":"grapat","image":{"@type":"ImageObject","inLanguage":"ca","@id":"https:\/\/secure.gravatar.com\/avatar\/f7c86303ba353611a248e00577551b9841f5fd8b474018ad644134357870c614?s=96&d=mm&r=g","url":"https:\/\/secure.gravatar.com\/avatar\/f7c86303ba353611a248e00577551b9841f5fd8b474018ad644134357870c614?s=96&d=mm&r=g","contentUrl":"https:\/\/secure.gravatar.com\/avatar\/f7c86303ba353611a248e00577551b9841f5fd8b474018ad644134357870c614?s=96&d=mm&r=g","caption":"grapat"}}]}},"_links":{"self":[{"href":"https:\/\/www.grapat.eu\/ca\/wp-json\/wp\/v2\/posts\/9068","targetHints":{"allow":["GET"]}}],"collection":[{"href":"https:\/\/www.grapat.eu\/ca\/wp-json\/wp\/v2\/posts"}],"about":[{"href":"https:\/\/www.grapat.eu\/ca\/wp-json\/wp\/v2\/types\/post"}],"author":[{"embeddable":true,"href":"https:\/\/www.grapat.eu\/ca\/wp-json\/wp\/v2\/users\/2"}],"replies":[{"embeddable":true,"href":"https:\/\/www.grapat.eu\/ca\/wp-json\/wp\/v2\/comments?post=9068"}],"version-history":[{"count":3,"href":"https:\/\/www.grapat.eu\/ca\/wp-json\/wp\/v2\/posts\/9068\/revisions"}],"predecessor-version":[{"id":9100,"href":"https:\/\/www.grapat.eu\/ca\/wp-json\/wp\/v2\/posts\/9068\/revisions\/9100"}],"wp:featuredmedia":[{"embeddable":true,"href":"https:\/\/www.grapat.eu\/ca\/wp-json\/wp\/v2\/media\/9060"}],"wp:attachment":[{"href":"https:\/\/www.grapat.eu\/ca\/wp-json\/wp\/v2\/media?parent=9068"}],"wp:term":[{"taxonomy":"category","embeddable":true,"href":"https:\/\/www.grapat.eu\/ca\/wp-json\/wp\/v2\/categories?post=9068"},{"taxonomy":"post_tag","embeddable":true,"href":"https:\/\/www.grapat.eu\/ca\/wp-json\/wp\/v2\/tags?post=9068"}],"curies":[{"name":"wp","href":"https:\/\/api.w.org\/{rel}","templated":true}]}}