{"id":6585,"date":"2020-02-17T09:56:16","date_gmt":"2020-02-17T09:56:16","guid":{"rendered":"http:\/\/www.grapat.eu\/?p=6585\/"},"modified":"2022-09-14T08:46:58","modified_gmt":"2022-09-14T08:46:58","slug":"ens-mudem-grapat-creix-i-trasllada-el-taller","status":"publish","type":"post","link":"https:\/\/www.grapat.eu\/ca\/ens-mudem-grapat-creix-i-trasllada-el-taller\/","title":{"rendered":"Ens mudem! Grapat creix i trasllada el Taller"},"content":{"rendered":"<p>El Taller d&#8217;JOGUINES GRAPAT es fa petit amb tanta calor de tots vosaltres. Ens encanta!<br \/>\nAugmenta el nostre cat\u00e0leg, les nostres peces, tots els colors i tamb\u00e9 maquin\u00e0ria i personal. Aquest any hem decidit ampliar l&#8217;espai de treball de l&#8217;Taller per poder treballar molt millor i respondre a les necessitats de tots els nostres clients.<br \/>\nGrapat creix i requereix d&#8217;un nou lloc on treballar, augmentant i reorganitzant la plantilla i les tasques di\u00e0ries que fa que cada pe\u00e7a arribi a les vostres llars amb tanta delicadesa.<br \/>\nPasseu i observeu, Esperem que us agradi!<\/p>\n","protected":false},"excerpt":{"rendered":"<p>El Taller d&#8217;JOGUINES GRAPAT es fa petit amb tanta calor de tots vosaltres. Ens encanta!&#8230;<\/p>\n","protected":false},"author":2,"featured_media":8205,"comment_status":"closed","ping_status":"closed","sticky":false,"template":"","format":"standard","meta":{"footnotes":""},"categories":[57],"tags":[],"class_list":["post-6585","post","type-post","status-publish","format-standard","has-post-thumbnail","hentry","category-noticies"],"acf":[],"yoast_head":"<!-- This site is optimized with the Yoast SEO plugin v27.5 - https:\/\/yoast.com\/product\/yoast-seo-wordpress\/ -->\n<title>Ens mudem! Grapat creix i trasllada el Taller - Grapat<\/title>\n<meta name=\"robots\" content=\"index, follow, max-snippet:-1, max-image-preview:large, max-video-preview:-1\" \/>\n<link rel=\"canonical\" href=\"https:\/\/www.grapat.eu\/ca\/ens-mudem-grapat-creix-i-trasllada-el-taller\/\" \/>\n<meta property=\"og:locale\" content=\"ca_ES\" \/>\n<meta property=\"og:type\" content=\"article\" \/>\n<meta property=\"og:title\" content=\"Ens mudem! Grapat creix i trasllada el Taller - Grapat\" \/>\n<meta property=\"og:description\" content=\"El Taller d&#8217;JOGUINES GRAPAT es fa petit amb tanta calor de tots vosaltres. Ens encanta!...\" \/>\n<meta property=\"og:url\" content=\"https:\/\/www.grapat.eu\/ca\/ens-mudem-grapat-creix-i-trasllada-el-taller\/\" \/>\n<meta property=\"og:site_name\" content=\"Grapat\" \/>\n<meta property=\"article:published_time\" content=\"2020-02-17T09:56:16+00:00\" \/>\n<meta property=\"article:modified_time\" content=\"2022-09-14T08:46:58+00:00\" \/>\n<meta property=\"og:image\" content=\"https:\/\/www.grapat.eu\/app\/uploads\/2020\/02\/ensmudem.jpg\" \/>\n\t<meta property=\"og:image:width\" content=\"480\" \/>\n\t<meta property=\"og:image:height\" content=\"480\" \/>\n\t<meta property=\"og:image:type\" content=\"image\/jpeg\" \/>\n<meta name=\"author\" content=\"grapat\" \/>\n<meta name=\"twitter:card\" content=\"summary_large_image\" \/>\n<meta name=\"twitter:label1\" content=\"Escrit per\" \/>\n\t<meta name=\"twitter:data1\" content=\"grapat\" \/>\n\t<meta name=\"twitter:label2\" content=\"Temps estimat de lectura\" \/>\n\t<meta name=\"twitter:data2\" content=\"1 minut\" \/>\n<script type=\"application\/ld+json\" class=\"yoast-schema-graph\">{\"@context\":\"https:\\\/\\\/schema.org\",\"@graph\":[{\"@type\":\"Article\",\"@id\":\"https:\\\/\\\/www.grapat.eu\\\/ca\\\/ens-mudem-grapat-creix-i-trasllada-el-taller\\\/#article\",\"isPartOf\":{\"@id\":\"https:\\\/\\\/www.grapat.eu\\\/ca\\\/ens-mudem-grapat-creix-i-trasllada-el-taller\\\/\"},\"author\":{\"name\":\"grapat\",\"@id\":\"https:\\\/\\\/www.grapat.eu\\\/ca\\\/#\\\/schema\\\/person\\\/dcae518344c3918b4e5827db32dcf14d\"},\"headline\":\"Ens mudem! Grapat creix i trasllada el Taller\",\"datePublished\":\"2020-02-17T09:56:16+00:00\",\"dateModified\":\"2022-09-14T08:46:58+00:00\",\"mainEntityOfPage\":{\"@id\":\"https:\\\/\\\/www.grapat.eu\\\/ca\\\/ens-mudem-grapat-creix-i-trasllada-el-taller\\\/\"},\"wordCount\":109,\"image\":{\"@id\":\"https:\\\/\\\/www.grapat.eu\\\/ca\\\/ens-mudem-grapat-creix-i-trasllada-el-taller\\\/#primaryimage\"},\"thumbnailUrl\":\"https:\\\/\\\/www.grapat.eu\\\/app\\\/uploads\\\/2020\\\/02\\\/ensmudem.jpg\",\"articleSection\":[\"Not\u00edcies\"],\"inLanguage\":\"ca\"},{\"@type\":\"WebPage\",\"@id\":\"https:\\\/\\\/www.grapat.eu\\\/ca\\\/ens-mudem-grapat-creix-i-trasllada-el-taller\\\/\",\"url\":\"https:\\\/\\\/www.grapat.eu\\\/ca\\\/ens-mudem-grapat-creix-i-trasllada-el-taller\\\/\",\"name\":\"Ens mudem! Grapat creix i trasllada el Taller - Grapat\",\"isPartOf\":{\"@id\":\"https:\\\/\\\/www.grapat.eu\\\/ca\\\/#website\"},\"primaryImageOfPage\":{\"@id\":\"https:\\\/\\\/www.grapat.eu\\\/ca\\\/ens-mudem-grapat-creix-i-trasllada-el-taller\\\/#primaryimage\"},\"image\":{\"@id\":\"https:\\\/\\\/www.grapat.eu\\\/ca\\\/ens-mudem-grapat-creix-i-trasllada-el-taller\\\/#primaryimage\"},\"thumbnailUrl\":\"https:\\\/\\\/www.grapat.eu\\\/app\\\/uploads\\\/2020\\\/02\\\/ensmudem.jpg\",\"datePublished\":\"2020-02-17T09:56:16+00:00\",\"dateModified\":\"2022-09-14T08:46:58+00:00\",\"author\":{\"@id\":\"https:\\\/\\\/www.grapat.eu\\\/ca\\\/#\\\/schema\\\/person\\\/dcae518344c3918b4e5827db32dcf14d\"},\"inLanguage\":\"ca\",\"potentialAction\":[{\"@type\":\"ReadAction\",\"target\":[\"https:\\\/\\\/www.grapat.eu\\\/ca\\\/ens-mudem-grapat-creix-i-trasllada-el-taller\\\/\"]}]},{\"@type\":\"ImageObject\",\"inLanguage\":\"ca\",\"@id\":\"https:\\\/\\\/www.grapat.eu\\\/ca\\\/ens-mudem-grapat-creix-i-trasllada-el-taller\\\/#primaryimage\",\"url\":\"https:\\\/\\\/www.grapat.eu\\\/app\\\/uploads\\\/2020\\\/02\\\/ensmudem.jpg\",\"contentUrl\":\"https:\\\/\\\/www.grapat.eu\\\/app\\\/uploads\\\/2020\\\/02\\\/ensmudem.jpg\",\"width\":480,\"height\":480},{\"@type\":\"WebSite\",\"@id\":\"https:\\\/\\\/www.grapat.eu\\\/ca\\\/#website\",\"url\":\"https:\\\/\\\/www.grapat.eu\\\/ca\\\/\",\"name\":\"Grapat\",\"description\":\"Joguines\",\"potentialAction\":[{\"@type\":\"SearchAction\",\"target\":{\"@type\":\"EntryPoint\",\"urlTemplate\":\"https:\\\/\\\/www.grapat.eu\\\/ca\\\/?s={search_term_string}\"},\"query-input\":{\"@type\":\"PropertyValueSpecification\",\"valueRequired\":true,\"valueName\":\"search_term_string\"}}],\"inLanguage\":\"ca\"},{\"@type\":\"Person\",\"@id\":\"https:\\\/\\\/www.grapat.eu\\\/ca\\\/#\\\/schema\\\/person\\\/dcae518344c3918b4e5827db32dcf14d\",\"name\":\"grapat\",\"image\":{\"@type\":\"ImageObject\",\"inLanguage\":\"ca\",\"@id\":\"https:\\\/\\\/secure.gravatar.com\\\/avatar\\\/f7c86303ba353611a248e00577551b9841f5fd8b474018ad644134357870c614?s=96&d=mm&r=g\",\"url\":\"https:\\\/\\\/secure.gravatar.com\\\/avatar\\\/f7c86303ba353611a248e00577551b9841f5fd8b474018ad644134357870c614?s=96&d=mm&r=g\",\"contentUrl\":\"https:\\\/\\\/secure.gravatar.com\\\/avatar\\\/f7c86303ba353611a248e00577551b9841f5fd8b474018ad644134357870c614?s=96&d=mm&r=g\",\"caption\":\"grapat\"}}]}<\/script>\n<!-- \/ Yoast SEO plugin. -->","yoast_head_json":{"title":"Ens mudem! Grapat creix i trasllada el Taller - Grapat","robots":{"index":"index","follow":"follow","max-snippet":"max-snippet:-1","max-image-preview":"max-image-preview:large","max-video-preview":"max-video-preview:-1"},"canonical":"https:\/\/www.grapat.eu\/ca\/ens-mudem-grapat-creix-i-trasllada-el-taller\/","og_locale":"ca_ES","og_type":"article","og_title":"Ens mudem! Grapat creix i trasllada el Taller - Grapat","og_description":"El Taller d&#8217;JOGUINES GRAPAT es fa petit amb tanta calor de tots vosaltres. Ens encanta!...","og_url":"https:\/\/www.grapat.eu\/ca\/ens-mudem-grapat-creix-i-trasllada-el-taller\/","og_site_name":"Grapat","article_published_time":"2020-02-17T09:56:16+00:00","article_modified_time":"2022-09-14T08:46:58+00:00","og_image":[{"width":480,"height":480,"url":"https:\/\/www.grapat.eu\/app\/uploads\/2020\/02\/ensmudem.jpg","type":"image\/jpeg"}],"author":"grapat","twitter_card":"summary_large_image","twitter_misc":{"Escrit per":"grapat","Temps estimat de lectura":"1 minut"},"schema":{"@context":"https:\/\/schema.org","@graph":[{"@type":"Article","@id":"https:\/\/www.grapat.eu\/ca\/ens-mudem-grapat-creix-i-trasllada-el-taller\/#article","isPartOf":{"@id":"https:\/\/www.grapat.eu\/ca\/ens-mudem-grapat-creix-i-trasllada-el-taller\/"},"author":{"name":"grapat","@id":"https:\/\/www.grapat.eu\/ca\/#\/schema\/person\/dcae518344c3918b4e5827db32dcf14d"},"headline":"Ens mudem! Grapat creix i trasllada el Taller","datePublished":"2020-02-17T09:56:16+00:00","dateModified":"2022-09-14T08:46:58+00:00","mainEntityOfPage":{"@id":"https:\/\/www.grapat.eu\/ca\/ens-mudem-grapat-creix-i-trasllada-el-taller\/"},"wordCount":109,"image":{"@id":"https:\/\/www.grapat.eu\/ca\/ens-mudem-grapat-creix-i-trasllada-el-taller\/#primaryimage"},"thumbnailUrl":"https:\/\/www.grapat.eu\/app\/uploads\/2020\/02\/ensmudem.jpg","articleSection":["Not\u00edcies"],"inLanguage":"ca"},{"@type":"WebPage","@id":"https:\/\/www.grapat.eu\/ca\/ens-mudem-grapat-creix-i-trasllada-el-taller\/","url":"https:\/\/www.grapat.eu\/ca\/ens-mudem-grapat-creix-i-trasllada-el-taller\/","name":"Ens mudem! Grapat creix i trasllada el Taller - Grapat","isPartOf":{"@id":"https:\/\/www.grapat.eu\/ca\/#website"},"primaryImageOfPage":{"@id":"https:\/\/www.grapat.eu\/ca\/ens-mudem-grapat-creix-i-trasllada-el-taller\/#primaryimage"},"image":{"@id":"https:\/\/www.grapat.eu\/ca\/ens-mudem-grapat-creix-i-trasllada-el-taller\/#primaryimage"},"thumbnailUrl":"https:\/\/www.grapat.eu\/app\/uploads\/2020\/02\/ensmudem.jpg","datePublished":"2020-02-17T09:56:16+00:00","dateModified":"2022-09-14T08:46:58+00:00","author":{"@id":"https:\/\/www.grapat.eu\/ca\/#\/schema\/person\/dcae518344c3918b4e5827db32dcf14d"},"inLanguage":"ca","potentialAction":[{"@type":"ReadAction","target":["https:\/\/www.grapat.eu\/ca\/ens-mudem-grapat-creix-i-trasllada-el-taller\/"]}]},{"@type":"ImageObject","inLanguage":"ca","@id":"https:\/\/www.grapat.eu\/ca\/ens-mudem-grapat-creix-i-trasllada-el-taller\/#primaryimage","url":"https:\/\/www.grapat.eu\/app\/uploads\/2020\/02\/ensmudem.jpg","contentUrl":"https:\/\/www.grapat.eu\/app\/uploads\/2020\/02\/ensmudem.jpg","width":480,"height":480},{"@type":"WebSite","@id":"https:\/\/www.grapat.eu\/ca\/#website","url":"https:\/\/www.grapat.eu\/ca\/","name":"Grapat","description":"Joguines","potentialAction":[{"@type":"SearchAction","target":{"@type":"EntryPoint","urlTemplate":"https:\/\/www.grapat.eu\/ca\/?s={search_term_string}"},"query-input":{"@type":"PropertyValueSpecification","valueRequired":true,"valueName":"search_term_string"}}],"inLanguage":"ca"},{"@type":"Person","@id":"https:\/\/www.grapat.eu\/ca\/#\/schema\/person\/dcae518344c3918b4e5827db32dcf14d","name":"grapat","image":{"@type":"ImageObject","inLanguage":"ca","@id":"https:\/\/secure.gravatar.com\/avatar\/f7c86303ba353611a248e00577551b9841f5fd8b474018ad644134357870c614?s=96&d=mm&r=g","url":"https:\/\/secure.gravatar.com\/avatar\/f7c86303ba353611a248e00577551b9841f5fd8b474018ad644134357870c614?s=96&d=mm&r=g","contentUrl":"https:\/\/secure.gravatar.com\/avatar\/f7c86303ba353611a248e00577551b9841f5fd8b474018ad644134357870c614?s=96&d=mm&r=g","caption":"grapat"}}]}},"_links":{"self":[{"href":"https:\/\/www.grapat.eu\/ca\/wp-json\/wp\/v2\/posts\/6585","targetHints":{"allow":["GET"]}}],"collection":[{"href":"https:\/\/www.grapat.eu\/ca\/wp-json\/wp\/v2\/posts"}],"about":[{"href":"https:\/\/www.grapat.eu\/ca\/wp-json\/wp\/v2\/types\/post"}],"author":[{"embeddable":true,"href":"https:\/\/www.grapat.eu\/ca\/wp-json\/wp\/v2\/users\/2"}],"replies":[{"embeddable":true,"href":"https:\/\/www.grapat.eu\/ca\/wp-json\/wp\/v2\/comments?post=6585"}],"version-history":[{"count":1,"href":"https:\/\/www.grapat.eu\/ca\/wp-json\/wp\/v2\/posts\/6585\/revisions"}],"predecessor-version":[{"id":8764,"href":"https:\/\/www.grapat.eu\/ca\/wp-json\/wp\/v2\/posts\/6585\/revisions\/8764"}],"wp:featuredmedia":[{"embeddable":true,"href":"https:\/\/www.grapat.eu\/ca\/wp-json\/wp\/v2\/media\/8205"}],"wp:attachment":[{"href":"https:\/\/www.grapat.eu\/ca\/wp-json\/wp\/v2\/media?parent=6585"}],"wp:term":[{"taxonomy":"category","embeddable":true,"href":"https:\/\/www.grapat.eu\/ca\/wp-json\/wp\/v2\/categories?post=6585"},{"taxonomy":"post_tag","embeddable":true,"href":"https:\/\/www.grapat.eu\/ca\/wp-json\/wp\/v2\/tags?post=6585"}],"curies":[{"name":"wp","href":"https:\/\/api.w.org\/{rel}","templated":true}]}}