{"id":11843,"date":"2025-03-24T09:00:36","date_gmt":"2025-03-24T09:00:36","guid":{"rendered":"https:\/\/www.grapat.eu\/?p=11843"},"modified":"2025-03-24T05:43:34","modified_gmt":"2025-03-24T05:43:34","slug":"es-hora-de-dir-hello-spring-ledicio-de-primavera-de-la-col%c2%b7laboracio-ostheimer-x-grapat","status":"publish","type":"post","link":"https:\/\/www.grapat.eu\/ca\/es-hora-de-dir-hello-spring-ledicio-de-primavera-de-la-col%c2%b7laboracio-ostheimer-x-grapat\/","title":{"rendered":"\u00c9S HORA DE DIR \u201cHELLO SPRING\u201d.\u2028L\u2019EDICI\u00d3 DE PRIMAVERA DE LA COL\u00b7LABORACI\u00d3 OSTHEIMER X GRAPAT"},"content":{"rendered":"<p class=\"p1\">No \u00e9s gens habitual trobar un esperit af\u00ed en una altra empresa, per\u00f2 aquesta col\u00b7laboraci\u00f3 \u00e9s, sens dubte, una hist\u00f2ria d\u2019amor.<\/p>\n<p class=\"p1\">Des de les primeres converses, reunint-nos en l\u00ednia i en persona, fins al disseny acurat i la meticulosa artesania de cada pe\u00e7a, aquest projecte entre Ostheimer i Grapat ha estat un any de proc\u00e9s.<\/p>\n<p class=\"p1\">Tot i que les nostres empreses s\u00f3n tan \u00faniques com les joguines de fusta que creem, ens uneix un mateix amor i respecte per la inf\u00e0ncia, una apreciaci\u00f3 per la bellesa i la missi\u00f3 de portar m\u00e9s joc lliure al m\u00f3n.<\/p>\n<p class=\"p1\">Aix\u00ed va ser com aquest projecte, nascut de l\u2019amor i l\u2019admiraci\u00f3, va prendre vida.<\/p>\n<p class=\"p1\">A partir d\u2019avui, donem la benvinguda a la primavera amb una caixa especial de tresors que capturen l\u2019ess\u00e8ncia, els colors i la m\u00e0gia de l\u2019estaci\u00f3, perqu\u00e8 en puguis gaudir.<\/p>\n<p class=\"p1\">I aix\u00f2? \u00c9s nom\u00e9s el primer cap\u00edtol de quatre. Tenim moltes ganes d\u2019acompanyar-te en aquest viatge a trav\u00e9s de les estacions!<\/p>\n","protected":false},"excerpt":{"rendered":"<p>No \u00e9s gens habitual trobar un esperit af\u00ed en una altra empresa, per\u00f2 aquesta col\u00b7laboraci\u00f3&#8230;<\/p>\n","protected":false},"author":2,"featured_media":11837,"comment_status":"closed","ping_status":"closed","sticky":false,"template":"","format":"standard","meta":{"footnotes":""},"categories":[81],"tags":[],"class_list":["post-11843","post","type-post","status-publish","format-standard","has-post-thumbnail","hentry","category-news-ca"],"acf":[],"yoast_head":"<!-- This site is optimized with the Yoast SEO plugin v27.5 - https:\/\/yoast.com\/product\/yoast-seo-wordpress\/ -->\n<title>\u00c9S HORA DE DIR \u201cHELLO SPRING\u201d.\u2028L\u2019EDICI\u00d3 DE PRIMAVERA DE LA COL\u00b7LABORACI\u00d3 OSTHEIMER X GRAPAT - Grapat<\/title>\n<meta name=\"robots\" content=\"index, follow, max-snippet:-1, max-image-preview:large, max-video-preview:-1\" \/>\n<link rel=\"canonical\" href=\"https:\/\/www.grapat.eu\/ca\/es-hora-de-dir-hello-spring-ledicio-de-primavera-de-la-col%c2%b7laboracio-ostheimer-x-grapat\/\" \/>\n<meta property=\"og:locale\" content=\"ca_ES\" \/>\n<meta property=\"og:type\" content=\"article\" \/>\n<meta property=\"og:title\" content=\"\u00c9S HORA DE DIR \u201cHELLO SPRING\u201d.\u2028L\u2019EDICI\u00d3 DE PRIMAVERA DE LA COL\u00b7LABORACI\u00d3 OSTHEIMER X GRAPAT - Grapat\" \/>\n<meta property=\"og:description\" content=\"No \u00e9s gens habitual trobar un esperit af\u00ed en una altra empresa, per\u00f2 aquesta col\u00b7laboraci\u00f3...\" \/>\n<meta property=\"og:url\" content=\"https:\/\/www.grapat.eu\/ca\/es-hora-de-dir-hello-spring-ledicio-de-primavera-de-la-col%c2%b7laboracio-ostheimer-x-grapat\/\" \/>\n<meta property=\"og:site_name\" content=\"Grapat\" \/>\n<meta property=\"article:published_time\" content=\"2025-03-24T09:00:36+00:00\" \/>\n<meta property=\"og:image\" content=\"https:\/\/www.grapat.eu\/app\/uploads\/2025\/03\/blog-hello-spring_Portada.jpg\" \/>\n\t<meta property=\"og:image:width\" content=\"800\" \/>\n\t<meta property=\"og:image:height\" content=\"800\" \/>\n\t<meta property=\"og:image:type\" content=\"image\/jpeg\" \/>\n<meta name=\"author\" content=\"grapat\" \/>\n<meta name=\"twitter:card\" content=\"summary_large_image\" \/>\n<meta name=\"twitter:label1\" content=\"Escrit per\" \/>\n\t<meta name=\"twitter:data1\" content=\"grapat\" \/>\n\t<meta name=\"twitter:label2\" content=\"Temps estimat de lectura\" \/>\n\t<meta name=\"twitter:data2\" content=\"1 minut\" \/>\n<script type=\"application\/ld+json\" class=\"yoast-schema-graph\">{\"@context\":\"https:\\\/\\\/schema.org\",\"@graph\":[{\"@type\":\"Article\",\"@id\":\"https:\\\/\\\/www.grapat.eu\\\/ca\\\/es-hora-de-dir-hello-spring-ledicio-de-primavera-de-la-col%c2%b7laboracio-ostheimer-x-grapat\\\/#article\",\"isPartOf\":{\"@id\":\"https:\\\/\\\/www.grapat.eu\\\/ca\\\/es-hora-de-dir-hello-spring-ledicio-de-primavera-de-la-col%c2%b7laboracio-ostheimer-x-grapat\\\/\"},\"author\":{\"name\":\"grapat\",\"@id\":\"https:\\\/\\\/www.grapat.eu\\\/ca\\\/#\\\/schema\\\/person\\\/dcae518344c3918b4e5827db32dcf14d\"},\"headline\":\"\u00c9S HORA DE DIR \u201cHELLO SPRING\u201d.\\u2028L\u2019EDICI\u00d3 DE PRIMAVERA DE LA COL\u00b7LABORACI\u00d3 OSTHEIMER X GRAPAT\",\"datePublished\":\"2025-03-24T09:00:36+00:00\",\"mainEntityOfPage\":{\"@id\":\"https:\\\/\\\/www.grapat.eu\\\/ca\\\/es-hora-de-dir-hello-spring-ledicio-de-primavera-de-la-col%c2%b7laboracio-ostheimer-x-grapat\\\/\"},\"wordCount\":198,\"image\":{\"@id\":\"https:\\\/\\\/www.grapat.eu\\\/ca\\\/es-hora-de-dir-hello-spring-ledicio-de-primavera-de-la-col%c2%b7laboracio-ostheimer-x-grapat\\\/#primaryimage\"},\"thumbnailUrl\":\"https:\\\/\\\/www.grapat.eu\\\/app\\\/uploads\\\/2025\\\/03\\\/blog-hello-spring_Portada.jpg\",\"articleSection\":[\"News\"],\"inLanguage\":\"ca\"},{\"@type\":\"WebPage\",\"@id\":\"https:\\\/\\\/www.grapat.eu\\\/ca\\\/es-hora-de-dir-hello-spring-ledicio-de-primavera-de-la-col%c2%b7laboracio-ostheimer-x-grapat\\\/\",\"url\":\"https:\\\/\\\/www.grapat.eu\\\/ca\\\/es-hora-de-dir-hello-spring-ledicio-de-primavera-de-la-col%c2%b7laboracio-ostheimer-x-grapat\\\/\",\"name\":\"\u00c9S HORA DE DIR \u201cHELLO SPRING\u201d.\\u2028L\u2019EDICI\u00d3 DE PRIMAVERA DE LA COL\u00b7LABORACI\u00d3 OSTHEIMER X GRAPAT - Grapat\",\"isPartOf\":{\"@id\":\"https:\\\/\\\/www.grapat.eu\\\/ca\\\/#website\"},\"primaryImageOfPage\":{\"@id\":\"https:\\\/\\\/www.grapat.eu\\\/ca\\\/es-hora-de-dir-hello-spring-ledicio-de-primavera-de-la-col%c2%b7laboracio-ostheimer-x-grapat\\\/#primaryimage\"},\"image\":{\"@id\":\"https:\\\/\\\/www.grapat.eu\\\/ca\\\/es-hora-de-dir-hello-spring-ledicio-de-primavera-de-la-col%c2%b7laboracio-ostheimer-x-grapat\\\/#primaryimage\"},\"thumbnailUrl\":\"https:\\\/\\\/www.grapat.eu\\\/app\\\/uploads\\\/2025\\\/03\\\/blog-hello-spring_Portada.jpg\",\"datePublished\":\"2025-03-24T09:00:36+00:00\",\"author\":{\"@id\":\"https:\\\/\\\/www.grapat.eu\\\/ca\\\/#\\\/schema\\\/person\\\/dcae518344c3918b4e5827db32dcf14d\"},\"inLanguage\":\"ca\",\"potentialAction\":[{\"@type\":\"ReadAction\",\"target\":[\"https:\\\/\\\/www.grapat.eu\\\/ca\\\/es-hora-de-dir-hello-spring-ledicio-de-primavera-de-la-col%c2%b7laboracio-ostheimer-x-grapat\\\/\"]}]},{\"@type\":\"ImageObject\",\"inLanguage\":\"ca\",\"@id\":\"https:\\\/\\\/www.grapat.eu\\\/ca\\\/es-hora-de-dir-hello-spring-ledicio-de-primavera-de-la-col%c2%b7laboracio-ostheimer-x-grapat\\\/#primaryimage\",\"url\":\"https:\\\/\\\/www.grapat.eu\\\/app\\\/uploads\\\/2025\\\/03\\\/blog-hello-spring_Portada.jpg\",\"contentUrl\":\"https:\\\/\\\/www.grapat.eu\\\/app\\\/uploads\\\/2025\\\/03\\\/blog-hello-spring_Portada.jpg\",\"width\":800,\"height\":800},{\"@type\":\"WebSite\",\"@id\":\"https:\\\/\\\/www.grapat.eu\\\/ca\\\/#website\",\"url\":\"https:\\\/\\\/www.grapat.eu\\\/ca\\\/\",\"name\":\"Grapat\",\"description\":\"Joguines\",\"potentialAction\":[{\"@type\":\"SearchAction\",\"target\":{\"@type\":\"EntryPoint\",\"urlTemplate\":\"https:\\\/\\\/www.grapat.eu\\\/ca\\\/?s={search_term_string}\"},\"query-input\":{\"@type\":\"PropertyValueSpecification\",\"valueRequired\":true,\"valueName\":\"search_term_string\"}}],\"inLanguage\":\"ca\"},{\"@type\":\"Person\",\"@id\":\"https:\\\/\\\/www.grapat.eu\\\/ca\\\/#\\\/schema\\\/person\\\/dcae518344c3918b4e5827db32dcf14d\",\"name\":\"grapat\",\"image\":{\"@type\":\"ImageObject\",\"inLanguage\":\"ca\",\"@id\":\"https:\\\/\\\/secure.gravatar.com\\\/avatar\\\/f7c86303ba353611a248e00577551b9841f5fd8b474018ad644134357870c614?s=96&d=mm&r=g\",\"url\":\"https:\\\/\\\/secure.gravatar.com\\\/avatar\\\/f7c86303ba353611a248e00577551b9841f5fd8b474018ad644134357870c614?s=96&d=mm&r=g\",\"contentUrl\":\"https:\\\/\\\/secure.gravatar.com\\\/avatar\\\/f7c86303ba353611a248e00577551b9841f5fd8b474018ad644134357870c614?s=96&d=mm&r=g\",\"caption\":\"grapat\"}}]}<\/script>\n<!-- \/ Yoast SEO plugin. -->","yoast_head_json":{"title":"\u00c9S HORA DE DIR \u201cHELLO SPRING\u201d.\u2028L\u2019EDICI\u00d3 DE PRIMAVERA DE LA COL\u00b7LABORACI\u00d3 OSTHEIMER X GRAPAT - Grapat","robots":{"index":"index","follow":"follow","max-snippet":"max-snippet:-1","max-image-preview":"max-image-preview:large","max-video-preview":"max-video-preview:-1"},"canonical":"https:\/\/www.grapat.eu\/ca\/es-hora-de-dir-hello-spring-ledicio-de-primavera-de-la-col%c2%b7laboracio-ostheimer-x-grapat\/","og_locale":"ca_ES","og_type":"article","og_title":"\u00c9S HORA DE DIR \u201cHELLO SPRING\u201d.\u2028L\u2019EDICI\u00d3 DE PRIMAVERA DE LA COL\u00b7LABORACI\u00d3 OSTHEIMER X GRAPAT - Grapat","og_description":"No \u00e9s gens habitual trobar un esperit af\u00ed en una altra empresa, per\u00f2 aquesta col\u00b7laboraci\u00f3...","og_url":"https:\/\/www.grapat.eu\/ca\/es-hora-de-dir-hello-spring-ledicio-de-primavera-de-la-col%c2%b7laboracio-ostheimer-x-grapat\/","og_site_name":"Grapat","article_published_time":"2025-03-24T09:00:36+00:00","og_image":[{"width":800,"height":800,"url":"https:\/\/www.grapat.eu\/app\/uploads\/2025\/03\/blog-hello-spring_Portada.jpg","type":"image\/jpeg"}],"author":"grapat","twitter_card":"summary_large_image","twitter_misc":{"Escrit per":"grapat","Temps estimat de lectura":"1 minut"},"schema":{"@context":"https:\/\/schema.org","@graph":[{"@type":"Article","@id":"https:\/\/www.grapat.eu\/ca\/es-hora-de-dir-hello-spring-ledicio-de-primavera-de-la-col%c2%b7laboracio-ostheimer-x-grapat\/#article","isPartOf":{"@id":"https:\/\/www.grapat.eu\/ca\/es-hora-de-dir-hello-spring-ledicio-de-primavera-de-la-col%c2%b7laboracio-ostheimer-x-grapat\/"},"author":{"name":"grapat","@id":"https:\/\/www.grapat.eu\/ca\/#\/schema\/person\/dcae518344c3918b4e5827db32dcf14d"},"headline":"\u00c9S HORA DE DIR \u201cHELLO SPRING\u201d.\u2028L\u2019EDICI\u00d3 DE PRIMAVERA DE LA COL\u00b7LABORACI\u00d3 OSTHEIMER X GRAPAT","datePublished":"2025-03-24T09:00:36+00:00","mainEntityOfPage":{"@id":"https:\/\/www.grapat.eu\/ca\/es-hora-de-dir-hello-spring-ledicio-de-primavera-de-la-col%c2%b7laboracio-ostheimer-x-grapat\/"},"wordCount":198,"image":{"@id":"https:\/\/www.grapat.eu\/ca\/es-hora-de-dir-hello-spring-ledicio-de-primavera-de-la-col%c2%b7laboracio-ostheimer-x-grapat\/#primaryimage"},"thumbnailUrl":"https:\/\/www.grapat.eu\/app\/uploads\/2025\/03\/blog-hello-spring_Portada.jpg","articleSection":["News"],"inLanguage":"ca"},{"@type":"WebPage","@id":"https:\/\/www.grapat.eu\/ca\/es-hora-de-dir-hello-spring-ledicio-de-primavera-de-la-col%c2%b7laboracio-ostheimer-x-grapat\/","url":"https:\/\/www.grapat.eu\/ca\/es-hora-de-dir-hello-spring-ledicio-de-primavera-de-la-col%c2%b7laboracio-ostheimer-x-grapat\/","name":"\u00c9S HORA DE DIR \u201cHELLO SPRING\u201d.\u2028L\u2019EDICI\u00d3 DE PRIMAVERA DE LA COL\u00b7LABORACI\u00d3 OSTHEIMER X GRAPAT - Grapat","isPartOf":{"@id":"https:\/\/www.grapat.eu\/ca\/#website"},"primaryImageOfPage":{"@id":"https:\/\/www.grapat.eu\/ca\/es-hora-de-dir-hello-spring-ledicio-de-primavera-de-la-col%c2%b7laboracio-ostheimer-x-grapat\/#primaryimage"},"image":{"@id":"https:\/\/www.grapat.eu\/ca\/es-hora-de-dir-hello-spring-ledicio-de-primavera-de-la-col%c2%b7laboracio-ostheimer-x-grapat\/#primaryimage"},"thumbnailUrl":"https:\/\/www.grapat.eu\/app\/uploads\/2025\/03\/blog-hello-spring_Portada.jpg","datePublished":"2025-03-24T09:00:36+00:00","author":{"@id":"https:\/\/www.grapat.eu\/ca\/#\/schema\/person\/dcae518344c3918b4e5827db32dcf14d"},"inLanguage":"ca","potentialAction":[{"@type":"ReadAction","target":["https:\/\/www.grapat.eu\/ca\/es-hora-de-dir-hello-spring-ledicio-de-primavera-de-la-col%c2%b7laboracio-ostheimer-x-grapat\/"]}]},{"@type":"ImageObject","inLanguage":"ca","@id":"https:\/\/www.grapat.eu\/ca\/es-hora-de-dir-hello-spring-ledicio-de-primavera-de-la-col%c2%b7laboracio-ostheimer-x-grapat\/#primaryimage","url":"https:\/\/www.grapat.eu\/app\/uploads\/2025\/03\/blog-hello-spring_Portada.jpg","contentUrl":"https:\/\/www.grapat.eu\/app\/uploads\/2025\/03\/blog-hello-spring_Portada.jpg","width":800,"height":800},{"@type":"WebSite","@id":"https:\/\/www.grapat.eu\/ca\/#website","url":"https:\/\/www.grapat.eu\/ca\/","name":"Grapat","description":"Joguines","potentialAction":[{"@type":"SearchAction","target":{"@type":"EntryPoint","urlTemplate":"https:\/\/www.grapat.eu\/ca\/?s={search_term_string}"},"query-input":{"@type":"PropertyValueSpecification","valueRequired":true,"valueName":"search_term_string"}}],"inLanguage":"ca"},{"@type":"Person","@id":"https:\/\/www.grapat.eu\/ca\/#\/schema\/person\/dcae518344c3918b4e5827db32dcf14d","name":"grapat","image":{"@type":"ImageObject","inLanguage":"ca","@id":"https:\/\/secure.gravatar.com\/avatar\/f7c86303ba353611a248e00577551b9841f5fd8b474018ad644134357870c614?s=96&d=mm&r=g","url":"https:\/\/secure.gravatar.com\/avatar\/f7c86303ba353611a248e00577551b9841f5fd8b474018ad644134357870c614?s=96&d=mm&r=g","contentUrl":"https:\/\/secure.gravatar.com\/avatar\/f7c86303ba353611a248e00577551b9841f5fd8b474018ad644134357870c614?s=96&d=mm&r=g","caption":"grapat"}}]}},"_links":{"self":[{"href":"https:\/\/www.grapat.eu\/ca\/wp-json\/wp\/v2\/posts\/11843","targetHints":{"allow":["GET"]}}],"collection":[{"href":"https:\/\/www.grapat.eu\/ca\/wp-json\/wp\/v2\/posts"}],"about":[{"href":"https:\/\/www.grapat.eu\/ca\/wp-json\/wp\/v2\/types\/post"}],"author":[{"embeddable":true,"href":"https:\/\/www.grapat.eu\/ca\/wp-json\/wp\/v2\/users\/2"}],"replies":[{"embeddable":true,"href":"https:\/\/www.grapat.eu\/ca\/wp-json\/wp\/v2\/comments?post=11843"}],"version-history":[{"count":1,"href":"https:\/\/www.grapat.eu\/ca\/wp-json\/wp\/v2\/posts\/11843\/revisions"}],"predecessor-version":[{"id":11844,"href":"https:\/\/www.grapat.eu\/ca\/wp-json\/wp\/v2\/posts\/11843\/revisions\/11844"}],"wp:featuredmedia":[{"embeddable":true,"href":"https:\/\/www.grapat.eu\/ca\/wp-json\/wp\/v2\/media\/11837"}],"wp:attachment":[{"href":"https:\/\/www.grapat.eu\/ca\/wp-json\/wp\/v2\/media?parent=11843"}],"wp:term":[{"taxonomy":"category","embeddable":true,"href":"https:\/\/www.grapat.eu\/ca\/wp-json\/wp\/v2\/categories?post=11843"},{"taxonomy":"post_tag","embeddable":true,"href":"https:\/\/www.grapat.eu\/ca\/wp-json\/wp\/v2\/tags?post=11843"}],"curies":[{"name":"wp","href":"https:\/\/api.w.org\/{rel}","templated":true}]}}